{"id":878,"date":"2019-05-13T14:56:22","date_gmt":"2019-05-13T17:56:22","guid":{"rendered":"https:\/\/portalic.com.br\/blog\/?p=878"},"modified":"2019-09-27T09:08:13","modified_gmt":"2019-09-27T12:08:13","slug":"aeroporto-afonso-pena-em-curitiba-e-eleito-o-4o-melhor-do-mundo","status":"publish","type":"post","link":"https:\/\/portalic.com.br\/blog\/mercado-de-locacao-industrial\/aeroporto-afonso-pena-em-curitiba-e-eleito-o-4o-melhor-do-mundo\/","title":{"rendered":"Afonso Pena, em Curitiba, \u00e9 eleito o 4\u00ba melhor aeroporto do mundo"},"content":{"rendered":"\n<p>O Aeroporto <strong><a rel=\"noreferrer noopener\" aria-label=\" (opens in a new tab)\" href=\"https:\/\/www.aeroportocuritiba.net\/\" target=\"_blank\">Afonso Pena<\/a><\/strong>, localizado na <strong><a href=\"https:\/\/portalic.com.br\/blog\/mercado-de-locacao-industrial\/regiao-metropolitana-de-curitiba-e-a-mais-sustentavel-do-pais\/\">Regi\u00e3o Metropolitana de Curitiba<\/a><\/strong>, pr\u00f3ximo a <strong><a href=\"https:\/\/portalic.com.br\/blog\/parques-industriais-e-corporativos\/tudo-o-que-voce-precisa-saber-sobre-condominios-industriais-e-logisticos\/\">parques industriais e log\u00edsticos<\/a><\/strong> como o <strong><a rel=\"noreferrer noopener\" aria-label=\" (opens in a new tab)\" href=\"https:\/\/www.portalic.com.br\/portal-aeroporto\" target=\"_blank\">Portal Aeroporto<\/a><\/strong>, <strong><a rel=\"noreferrer noopener\" aria-label=\" (opens in a new tab)\" href=\"https:\/\/www.portalic.com.br\/portal-do-porto\" target=\"_blank\">Portal do Porto<\/a><\/strong> e <strong><a rel=\"noreferrer noopener\" aria-label=\" (opens in a new tab)\" href=\"https:\/\/www.portalic.com.br\/america-logistica\" target=\"_blank\">Am\u00e9rica Log\u00edstica<\/a><\/strong>, \u00e9 apontado como o <strong>4\u00ba melhor do mundo<\/strong>, segundo pesquisa divulgada recentemente pela <strong><a href=\"https:\/\/www.airhelp.com\/pt-br\/airhelp-score\/ranking-companhias-aereas\/\" target=\"_blank\" rel=\"noreferrer noopener\" aria-label=\" (opens in a new tab)\">AirHelp Score<\/a><\/strong>, especialista em direitos dos passageiros a\u00e9reos.<\/p>\n\n\n\n<!--more-->\n\n\n\n<p>A an\u00e1lise foi realizada em 132 aeroportos de 30 pa\u00edses e\nlevou em conta informa\u00e7\u00f5es da base de dados da AirHelp e pesquisas com cerca de\n40 mil usu\u00e1rios, sendo 2,5 mil brasileiros. Os crit\u00e9rios de avalia\u00e7\u00e3o\nutilizados foram: <strong>pontualidade <\/strong>\u2013\nreunindo dados referentes \u00e0s partidas e chegadas de todos os voos e respons\u00e1vel\npor 60% dos pontos \u2013, <strong>qualidade do\nservi\u00e7o<\/strong> (20%) e <strong>qualidade do varejo <\/strong>(20%).\n<\/p>\n\n\n\n<p>A m\u00e9dia geral do terminal curitibano foi <strong>8,37<\/strong>, composta por 8,4 pontos para\npontualidade, 8,4 para qualidade de servi\u00e7o e 8,3 para qualidade de varejo. Os\ntr\u00eas primeiros colocados foram o Aeroporto Internacional Hamad, no Catar, com m\u00e9dia\n8,39; o Aeroporto Internacional T\u00f3quio Haneda, no Jap\u00e3o, com m\u00e9dia 8,39; e o Aeroporto\nInternacional de Atenas, na Gr\u00e9cia, com pontua\u00e7\u00e3o de 8,38. <\/p>\n\n\n\n<p>Al\u00e9m do Afonso Pena, o Aeroporto Internacional de Viracopos,\nem Campinas, tamb\u00e9m ficou em posi\u00e7\u00e3o de destaque, obtendo o 10\u00ba lugar. Dessa\nforma, <strong>o Brasil \u00e9 o \u00fanico pa\u00eds a ocupar\nduas posi\u00e7\u00f5es na lista dos dez melhores aeroportos do mundo<\/strong>.<\/p>\n\n\n\n<h2 class=\"wp-block-heading\">Portal Aeroporto<\/h2>\n\n\n\n<figure class=\"wp-block-image\"><img loading=\"lazy\" decoding=\"async\" width=\"780\" height=\"550\" src=\"https:\/\/portalic.com.br\/blog\/wp-content\/uploads\/2019\/05\/Aeroporto-Afonso-Pena-\u00e9-eleito-4\u00ba-melhor-do-mundo-Portal-IC.jpg\" alt=\"Aeroporto Afonso Pena \u00e9 eleito 4\u00ba melhor do mundo - Portal IC\" class=\"wp-image-881\" srcset=\"https:\/\/portalic.com.br\/blog\/wp-content\/uploads\/2019\/05\/Aeroporto-Afonso-Pena-\u00e9-eleito-4\u00ba-melhor-do-mundo-Portal-IC.jpg 780w, https:\/\/portalic.com.br\/blog\/wp-content\/uploads\/2019\/05\/Aeroporto-Afonso-Pena-\u00e9-eleito-4\u00ba-melhor-do-mundo-Portal-IC-300x212.jpg 300w, https:\/\/portalic.com.br\/blog\/wp-content\/uploads\/2019\/05\/Aeroporto-Afonso-Pena-\u00e9-eleito-4\u00ba-melhor-do-mundo-Portal-IC-768x542.jpg 768w, https:\/\/portalic.com.br\/blog\/wp-content\/uploads\/2019\/05\/Aeroporto-Afonso-Pena-\u00e9-eleito-4\u00ba-melhor-do-mundo-Portal-IC-735x518.jpg 735w\" sizes=\"auto, (max-width: 780px) 100vw, 780px\" \/><\/figure>\n\n\n\n<p>Empresas preocupadas com a <strong><a href=\"https:\/\/portalic.com.br\/blog\/parques-industriais-e-corporativos\/como-reduzir-os-custos-com-armazenagem-de-produtos\/\">otimiza\u00e7\u00e3o\nde custos log\u00edsticos<\/a><\/strong> valorizam a proximidade de suas instala\u00e7\u00f5es e <strong><a href=\"https:\/\/portalic.com.br\/blog\/mercado-de-locacao-industrial\/o-que-e-centro-de-distribuicao-e-qual-seu-papel-para-a-logistica\/\">centros\nde distribui\u00e7\u00e3o<\/a><\/strong> com importantes terminais, como o <strong>Afonso Pena<\/strong>. Nesse quesito, o <strong>Portal\nAeroporto<\/strong> oferece benef\u00edcios \u00fanicos. <\/p>\n\n\n\n<p>Al\u00e9m de estar <strong>a\napenas 800 metros do Terminal de Cargas A\u00e9reas<\/strong>, o condom\u00ednio de galp\u00f5es\ntamb\u00e9m possui diversos restaurantes e hot\u00e9is ao seu redor, o que o torna <strong><a href=\"https:\/\/portalic.com.br\/blog\/parques-industriais-e-corporativos\/portal-aeroporto-destaque-entre-os-condominios-industriais-e-logisticos-da-regiao-metropolitana-de-curitiba\/\">um\ndos melhores da Regi\u00e3o Metropolitana de Curitiba<\/a><\/strong>. <\/p>\n\n\n\n<p><strong>Com \u00e1rea total de 76.826 m\u00b2 em um terreno de 161.402 m\u00b2<\/strong>, o Portal Aeroporto conta com a <strong>tradicional qualidade do <a href=\"https:\/\/www.portalic.com.br\/\" target=\"_blank\" rel=\"noreferrer noopener\" aria-label=\" (opens in a new tab)\">Portal IC<\/a><\/strong> em um projeto arquitet\u00f4nico moderno e <strong><a href=\"https:\/\/portalic.com.br\/blog\/mercado-de-locacao-industrial\/aplique-a-flexibilidade-logistica-para-se-destacar-no-mercado\/\">flex\u00edvel<\/a><\/strong>, permitindo a customiza\u00e7\u00e3o do espa\u00e7o e garantindo <strong>relevantes vantagens operacionais<\/strong>.<\/p>\n\n\n\n<p><strong>Leia tamb\u00e9m: <a href=\"https:\/\/portalic.com.br\/blog\/portal-ic\/multilog-inaugura-complexo-logistico-no-condominio-industrial-america-logistica\/\">Multilog\ninaugura complexo log\u00edstico no condom\u00ednio industrial Am\u00e9rica Log\u00edstica<\/a><\/strong><\/p>\n<!-- AddThis Advanced Settings generic via filter on the_content --><!-- AddThis Share Buttons generic via filter on the_content -->","protected":false},"excerpt":{"rendered":"<p>O Aeroporto <strong><a rel=\"noreferrer noopener\" aria-label=\" (opens in a new tab)\" href=\"https:\/\/www.aeroportocuritiba.net\/\" target=\"_blank\">Afonso Pena<\/a><\/strong>, localizado na <strong><a href=\"https:\/\/portalic.com.br\/blog\/mercado-de-locacao-industrial\/regiao-metropolitana-de-curitiba-e-a-mais-sustentavel-do-pais\/\">Regi\u00e3o Metropolitana de Curitiba<\/a><\/strong>, pr\u00f3ximo a <strong><a href=\"https:\/\/portalic.com.br\/blog\/parques-industriais-e-corporativos\/tudo-o-que-voce-precisa-saber-sobre-condominios-industriais-e-logisticos\/\">parques industriais e log\u00edsticos<\/a><\/strong> como o <strong><a rel=\"noreferrer noopener\" aria-label=\" (opens in a new tab)\" href=\"https:\/\/www.portalic.com.br\/portal-aeroporto\" target=\"_blank\">Portal Aeroporto<\/a><\/strong>,<\/p>\n<p><!-- AddThis Advanced Settings generic via filter on get_the_excerpt --><!-- AddThis Share Buttons generic via filter on get_the_excerpt --><\/p>\n","protected":false},"author":1,"featured_media":882,"comment_status":"open","ping_status":"open","sticky":false,"template":"","format":"standard","meta":{"footnotes":""},"categories":[5],"tags":[40,18,49],"class_list":["post-878","post","type-post","status-publish","format-standard","has-post-thumbnail","hentry","category-mercado-de-locacao-industrial","tag-curitiba","tag-operacao-logistica","tag-portal-aeroporto"],"yoast_head":"<!-- This site is optimized with the Yoast SEO plugin v27.2 - https:\/\/yoast.com\/product\/yoast-seo-wordpress\/ -->\n<title>Aeroporto Afonso Pena, em Curitiba, \u00e9 eleito o 4\u00ba melhor do mundo<\/title>\n<meta name=\"description\" content=\"A apenas 800 m do Portal Aeroporto, o Aeroporto Afonso Pena foi eleito o 4\u00ba melhor do mundo! Acesse nosso blog e confira mais detalhes sobre a pesquisa.\" \/>\n<meta name=\"robots\" content=\"index, follow, max-snippet:-1, max-image-preview:large, max-video-preview:-1\" \/>\n<link rel=\"canonical\" href=\"https:\/\/portalic.com.br\/blog\/mercado-de-locacao-industrial\/aeroporto-afonso-pena-em-curitiba-e-eleito-o-4o-melhor-do-mundo\/\" \/>\n<meta property=\"og:locale\" content=\"pt_BR\" \/>\n<meta property=\"og:type\" content=\"article\" \/>\n<meta property=\"og:title\" content=\"Aeroporto Afonso Pena, em Curitiba, \u00e9 eleito o 4\u00ba melhor do mundo\" \/>\n<meta property=\"og:description\" content=\"A apenas 800 m do Portal Aeroporto, o Aeroporto Afonso Pena foi eleito o 4\u00ba melhor do mundo! Acesse nosso blog e confira mais detalhes sobre a pesquisa.\" \/>\n<meta property=\"og:url\" content=\"https:\/\/portalic.com.br\/blog\/mercado-de-locacao-industrial\/aeroporto-afonso-pena-em-curitiba-e-eleito-o-4o-melhor-do-mundo\/\" \/>\n<meta property=\"og:site_name\" content=\"Blog Portal IC - Parques Industriais e Corporativos\" \/>\n<meta property=\"article:published_time\" content=\"2019-05-13T17:56:22+00:00\" \/>\n<meta property=\"article:modified_time\" content=\"2019-09-27T12:08:13+00:00\" \/>\n<meta property=\"og:image\" content=\"https:\/\/portalic.com.br\/blog\/wp-content\/uploads\/2019\/05\/Afonso-Pena-\u00e9-eleito-4\u00ba-melhor-aeroporto-do-mundo-Portal-IC-1.jpg\" \/>\n\t<meta property=\"og:image:width\" content=\"750\" \/>\n\t<meta property=\"og:image:height\" content=\"550\" \/>\n\t<meta property=\"og:image:type\" content=\"image\/jpeg\" \/>\n<meta name=\"author\" content=\"admin\" \/>\n<meta name=\"twitter:card\" content=\"summary_large_image\" \/>\n<meta name=\"twitter:label1\" content=\"Escrito por\" \/>\n\t<meta name=\"twitter:data1\" content=\"admin\" \/>\n\t<meta name=\"twitter:label2\" content=\"Est. tempo de leitura\" \/>\n\t<meta name=\"twitter:data2\" content=\"2 minutos\" \/>\n<script type=\"application\/ld+json\" class=\"yoast-schema-graph\">{\"@context\":\"https:\/\/schema.org\",\"@graph\":[{\"@type\":\"Article\",\"@id\":\"https:\/\/portalic.com.br\/blog\/mercado-de-locacao-industrial\/aeroporto-afonso-pena-em-curitiba-e-eleito-o-4o-melhor-do-mundo\/#article\",\"isPartOf\":{\"@id\":\"https:\/\/portalic.com.br\/blog\/mercado-de-locacao-industrial\/aeroporto-afonso-pena-em-curitiba-e-eleito-o-4o-melhor-do-mundo\/\"},\"author\":{\"name\":\"admin\",\"@id\":\"https:\/\/portalic.com.br\/blog\/#\/schema\/person\/88878b6768304305a5adef97ac59278c\"},\"headline\":\"Afonso Pena, em Curitiba, \u00e9 eleito o 4\u00ba melhor aeroporto do mundo\",\"datePublished\":\"2019-05-13T17:56:22+00:00\",\"dateModified\":\"2019-09-27T12:08:13+00:00\",\"mainEntityOfPage\":{\"@id\":\"https:\/\/portalic.com.br\/blog\/mercado-de-locacao-industrial\/aeroporto-afonso-pena-em-curitiba-e-eleito-o-4o-melhor-do-mundo\/\"},\"wordCount\":376,\"commentCount\":0,\"image\":{\"@id\":\"https:\/\/portalic.com.br\/blog\/mercado-de-locacao-industrial\/aeroporto-afonso-pena-em-curitiba-e-eleito-o-4o-melhor-do-mundo\/#primaryimage\"},\"thumbnailUrl\":\"https:\/\/portalic.com.br\/blog\/wp-content\/uploads\/2019\/05\/Afonso-Pena-\u00e9-eleito-4\u00ba-melhor-aeroporto-do-mundo-Portal-IC-1.jpg\",\"keywords\":[\"Curitiba\",\"opera\u00e7\u00e3o log\u00edstica\",\"Portal Aeroporto\"],\"articleSection\":[\"Mercado de Loca\u00e7\u00e3o Industrial\"],\"inLanguage\":\"pt-BR\",\"potentialAction\":[{\"@type\":\"CommentAction\",\"name\":\"Comment\",\"target\":[\"https:\/\/portalic.com.br\/blog\/mercado-de-locacao-industrial\/aeroporto-afonso-pena-em-curitiba-e-eleito-o-4o-melhor-do-mundo\/#respond\"]}]},{\"@type\":\"WebPage\",\"@id\":\"https:\/\/portalic.com.br\/blog\/mercado-de-locacao-industrial\/aeroporto-afonso-pena-em-curitiba-e-eleito-o-4o-melhor-do-mundo\/\",\"url\":\"https:\/\/portalic.com.br\/blog\/mercado-de-locacao-industrial\/aeroporto-afonso-pena-em-curitiba-e-eleito-o-4o-melhor-do-mundo\/\",\"name\":\"Aeroporto Afonso Pena, em Curitiba, \u00e9 eleito o 4\u00ba melhor do mundo\",\"isPartOf\":{\"@id\":\"https:\/\/portalic.com.br\/blog\/#website\"},\"primaryImageOfPage\":{\"@id\":\"https:\/\/portalic.com.br\/blog\/mercado-de-locacao-industrial\/aeroporto-afonso-pena-em-curitiba-e-eleito-o-4o-melhor-do-mundo\/#primaryimage\"},\"image\":{\"@id\":\"https:\/\/portalic.com.br\/blog\/mercado-de-locacao-industrial\/aeroporto-afonso-pena-em-curitiba-e-eleito-o-4o-melhor-do-mundo\/#primaryimage\"},\"thumbnailUrl\":\"https:\/\/portalic.com.br\/blog\/wp-content\/uploads\/2019\/05\/Afonso-Pena-\u00e9-eleito-4\u00ba-melhor-aeroporto-do-mundo-Portal-IC-1.jpg\",\"datePublished\":\"2019-05-13T17:56:22+00:00\",\"dateModified\":\"2019-09-27T12:08:13+00:00\",\"author\":{\"@id\":\"https:\/\/portalic.com.br\/blog\/#\/schema\/person\/88878b6768304305a5adef97ac59278c\"},\"description\":\"A apenas 800 m do Portal Aeroporto, o Aeroporto Afonso Pena foi eleito o 4\u00ba melhor do mundo! Acesse nosso blog e confira mais detalhes sobre a pesquisa.\",\"breadcrumb\":{\"@id\":\"https:\/\/portalic.com.br\/blog\/mercado-de-locacao-industrial\/aeroporto-afonso-pena-em-curitiba-e-eleito-o-4o-melhor-do-mundo\/#breadcrumb\"},\"inLanguage\":\"pt-BR\",\"potentialAction\":[{\"@type\":\"ReadAction\",\"target\":[\"https:\/\/portalic.com.br\/blog\/mercado-de-locacao-industrial\/aeroporto-afonso-pena-em-curitiba-e-eleito-o-4o-melhor-do-mundo\/\"]}]},{\"@type\":\"ImageObject\",\"inLanguage\":\"pt-BR\",\"@id\":\"https:\/\/portalic.com.br\/blog\/mercado-de-locacao-industrial\/aeroporto-afonso-pena-em-curitiba-e-eleito-o-4o-melhor-do-mundo\/#primaryimage\",\"url\":\"https:\/\/portalic.com.br\/blog\/wp-content\/uploads\/2019\/05\/Afonso-Pena-\u00e9-eleito-4\u00ba-melhor-aeroporto-do-mundo-Portal-IC-1.jpg\",\"contentUrl\":\"https:\/\/portalic.com.br\/blog\/wp-content\/uploads\/2019\/05\/Afonso-Pena-\u00e9-eleito-4\u00ba-melhor-aeroporto-do-mundo-Portal-IC-1.jpg\",\"width\":750,\"height\":550,\"caption\":\"Afonso Pena \u00e9 eleito 4\u00ba melhor aeroporto do mundo - Portal IC\"},{\"@type\":\"BreadcrumbList\",\"@id\":\"https:\/\/portalic.com.br\/blog\/mercado-de-locacao-industrial\/aeroporto-afonso-pena-em-curitiba-e-eleito-o-4o-melhor-do-mundo\/#breadcrumb\",\"itemListElement\":[{\"@type\":\"ListItem\",\"position\":1,\"name\":\"In\u00edcio\",\"item\":\"https:\/\/portalic.com.br\/blog\/\"},{\"@type\":\"ListItem\",\"position\":2,\"name\":\"Afonso Pena, em Curitiba, \u00e9 eleito o 4\u00ba melhor aeroporto do mundo\"}]},{\"@type\":\"WebSite\",\"@id\":\"https:\/\/portalic.com.br\/blog\/#website\",\"url\":\"https:\/\/portalic.com.br\/blog\/\",\"name\":\"Blog Portal IC - Parques Industriais e Corporativos\",\"description\":\"Conhe\u00e7a o Blog do Portal IC: tend\u00eancias do mercado imobili\u00e1rio industrial e otimiza\u00e7\u00e3o para uma produ\u00e7\u00e3o inteligente.\",\"potentialAction\":[{\"@type\":\"SearchAction\",\"target\":{\"@type\":\"EntryPoint\",\"urlTemplate\":\"https:\/\/portalic.com.br\/blog\/?s={search_term_string}\"},\"query-input\":{\"@type\":\"PropertyValueSpecification\",\"valueRequired\":true,\"valueName\":\"search_term_string\"}}],\"inLanguage\":\"pt-BR\"},{\"@type\":\"Person\",\"@id\":\"https:\/\/portalic.com.br\/blog\/#\/schema\/person\/88878b6768304305a5adef97ac59278c\",\"name\":\"admin\",\"image\":{\"@type\":\"ImageObject\",\"inLanguage\":\"pt-BR\",\"@id\":\"https:\/\/secure.gravatar.com\/avatar\/b47f266b485be1baeb14c84b4f5746dc986326fec1dbc800a4b49978e35b7835?s=96&d=mm&r=g\",\"url\":\"https:\/\/secure.gravatar.com\/avatar\/b47f266b485be1baeb14c84b4f5746dc986326fec1dbc800a4b49978e35b7835?s=96&d=mm&r=g\",\"contentUrl\":\"https:\/\/secure.gravatar.com\/avatar\/b47f266b485be1baeb14c84b4f5746dc986326fec1dbc800a4b49978e35b7835?s=96&d=mm&r=g\",\"caption\":\"admin\"},\"url\":\"https:\/\/portalic.com.br\/blog\/author\/admin\/\"}]}<\/script>\n<!-- \/ Yoast SEO plugin. -->","yoast_head_json":{"title":"Aeroporto Afonso Pena, em Curitiba, \u00e9 eleito o 4\u00ba melhor do mundo","description":"A apenas 800 m do Portal Aeroporto, o Aeroporto Afonso Pena foi eleito o 4\u00ba melhor do mundo! Acesse nosso blog e confira mais detalhes sobre a pesquisa.","robots":{"index":"index","follow":"follow","max-snippet":"max-snippet:-1","max-image-preview":"max-image-preview:large","max-video-preview":"max-video-preview:-1"},"canonical":"https:\/\/portalic.com.br\/blog\/mercado-de-locacao-industrial\/aeroporto-afonso-pena-em-curitiba-e-eleito-o-4o-melhor-do-mundo\/","og_locale":"pt_BR","og_type":"article","og_title":"Aeroporto Afonso Pena, em Curitiba, \u00e9 eleito o 4\u00ba melhor do mundo","og_description":"A apenas 800 m do Portal Aeroporto, o Aeroporto Afonso Pena foi eleito o 4\u00ba melhor do mundo! Acesse nosso blog e confira mais detalhes sobre a pesquisa.","og_url":"https:\/\/portalic.com.br\/blog\/mercado-de-locacao-industrial\/aeroporto-afonso-pena-em-curitiba-e-eleito-o-4o-melhor-do-mundo\/","og_site_name":"Blog Portal IC - Parques Industriais e Corporativos","article_published_time":"2019-05-13T17:56:22+00:00","article_modified_time":"2019-09-27T12:08:13+00:00","og_image":[{"width":750,"height":550,"url":"https:\/\/portalic.com.br\/blog\/wp-content\/uploads\/2019\/05\/Afonso-Pena-\u00e9-eleito-4\u00ba-melhor-aeroporto-do-mundo-Portal-IC-1.jpg","type":"image\/jpeg"}],"author":"admin","twitter_card":"summary_large_image","twitter_misc":{"Escrito por":"admin","Est. tempo de leitura":"2 minutos"},"schema":{"@context":"https:\/\/schema.org","@graph":[{"@type":"Article","@id":"https:\/\/portalic.com.br\/blog\/mercado-de-locacao-industrial\/aeroporto-afonso-pena-em-curitiba-e-eleito-o-4o-melhor-do-mundo\/#article","isPartOf":{"@id":"https:\/\/portalic.com.br\/blog\/mercado-de-locacao-industrial\/aeroporto-afonso-pena-em-curitiba-e-eleito-o-4o-melhor-do-mundo\/"},"author":{"name":"admin","@id":"https:\/\/portalic.com.br\/blog\/#\/schema\/person\/88878b6768304305a5adef97ac59278c"},"headline":"Afonso Pena, em Curitiba, \u00e9 eleito o 4\u00ba melhor aeroporto do mundo","datePublished":"2019-05-13T17:56:22+00:00","dateModified":"2019-09-27T12:08:13+00:00","mainEntityOfPage":{"@id":"https:\/\/portalic.com.br\/blog\/mercado-de-locacao-industrial\/aeroporto-afonso-pena-em-curitiba-e-eleito-o-4o-melhor-do-mundo\/"},"wordCount":376,"commentCount":0,"image":{"@id":"https:\/\/portalic.com.br\/blog\/mercado-de-locacao-industrial\/aeroporto-afonso-pena-em-curitiba-e-eleito-o-4o-melhor-do-mundo\/#primaryimage"},"thumbnailUrl":"https:\/\/portalic.com.br\/blog\/wp-content\/uploads\/2019\/05\/Afonso-Pena-\u00e9-eleito-4\u00ba-melhor-aeroporto-do-mundo-Portal-IC-1.jpg","keywords":["Curitiba","opera\u00e7\u00e3o log\u00edstica","Portal Aeroporto"],"articleSection":["Mercado de Loca\u00e7\u00e3o Industrial"],"inLanguage":"pt-BR","potentialAction":[{"@type":"CommentAction","name":"Comment","target":["https:\/\/portalic.com.br\/blog\/mercado-de-locacao-industrial\/aeroporto-afonso-pena-em-curitiba-e-eleito-o-4o-melhor-do-mundo\/#respond"]}]},{"@type":"WebPage","@id":"https:\/\/portalic.com.br\/blog\/mercado-de-locacao-industrial\/aeroporto-afonso-pena-em-curitiba-e-eleito-o-4o-melhor-do-mundo\/","url":"https:\/\/portalic.com.br\/blog\/mercado-de-locacao-industrial\/aeroporto-afonso-pena-em-curitiba-e-eleito-o-4o-melhor-do-mundo\/","name":"Aeroporto Afonso Pena, em Curitiba, \u00e9 eleito o 4\u00ba melhor do mundo","isPartOf":{"@id":"https:\/\/portalic.com.br\/blog\/#website"},"primaryImageOfPage":{"@id":"https:\/\/portalic.com.br\/blog\/mercado-de-locacao-industrial\/aeroporto-afonso-pena-em-curitiba-e-eleito-o-4o-melhor-do-mundo\/#primaryimage"},"image":{"@id":"https:\/\/portalic.com.br\/blog\/mercado-de-locacao-industrial\/aeroporto-afonso-pena-em-curitiba-e-eleito-o-4o-melhor-do-mundo\/#primaryimage"},"thumbnailUrl":"https:\/\/portalic.com.br\/blog\/wp-content\/uploads\/2019\/05\/Afonso-Pena-\u00e9-eleito-4\u00ba-melhor-aeroporto-do-mundo-Portal-IC-1.jpg","datePublished":"2019-05-13T17:56:22+00:00","dateModified":"2019-09-27T12:08:13+00:00","author":{"@id":"https:\/\/portalic.com.br\/blog\/#\/schema\/person\/88878b6768304305a5adef97ac59278c"},"description":"A apenas 800 m do Portal Aeroporto, o Aeroporto Afonso Pena foi eleito o 4\u00ba melhor do mundo! Acesse nosso blog e confira mais detalhes sobre a pesquisa.","breadcrumb":{"@id":"https:\/\/portalic.com.br\/blog\/mercado-de-locacao-industrial\/aeroporto-afonso-pena-em-curitiba-e-eleito-o-4o-melhor-do-mundo\/#breadcrumb"},"inLanguage":"pt-BR","potentialAction":[{"@type":"ReadAction","target":["https:\/\/portalic.com.br\/blog\/mercado-de-locacao-industrial\/aeroporto-afonso-pena-em-curitiba-e-eleito-o-4o-melhor-do-mundo\/"]}]},{"@type":"ImageObject","inLanguage":"pt-BR","@id":"https:\/\/portalic.com.br\/blog\/mercado-de-locacao-industrial\/aeroporto-afonso-pena-em-curitiba-e-eleito-o-4o-melhor-do-mundo\/#primaryimage","url":"https:\/\/portalic.com.br\/blog\/wp-content\/uploads\/2019\/05\/Afonso-Pena-\u00e9-eleito-4\u00ba-melhor-aeroporto-do-mundo-Portal-IC-1.jpg","contentUrl":"https:\/\/portalic.com.br\/blog\/wp-content\/uploads\/2019\/05\/Afonso-Pena-\u00e9-eleito-4\u00ba-melhor-aeroporto-do-mundo-Portal-IC-1.jpg","width":750,"height":550,"caption":"Afonso Pena \u00e9 eleito 4\u00ba melhor aeroporto do mundo - Portal IC"},{"@type":"BreadcrumbList","@id":"https:\/\/portalic.com.br\/blog\/mercado-de-locacao-industrial\/aeroporto-afonso-pena-em-curitiba-e-eleito-o-4o-melhor-do-mundo\/#breadcrumb","itemListElement":[{"@type":"ListItem","position":1,"name":"In\u00edcio","item":"https:\/\/portalic.com.br\/blog\/"},{"@type":"ListItem","position":2,"name":"Afonso Pena, em Curitiba, \u00e9 eleito o 4\u00ba melhor aeroporto do mundo"}]},{"@type":"WebSite","@id":"https:\/\/portalic.com.br\/blog\/#website","url":"https:\/\/portalic.com.br\/blog\/","name":"Blog Portal IC - Parques Industriais e Corporativos","description":"Conhe\u00e7a o Blog do Portal IC: tend\u00eancias do mercado imobili\u00e1rio industrial e otimiza\u00e7\u00e3o para uma produ\u00e7\u00e3o inteligente.","potentialAction":[{"@type":"SearchAction","target":{"@type":"EntryPoint","urlTemplate":"https:\/\/portalic.com.br\/blog\/?s={search_term_string}"},"query-input":{"@type":"PropertyValueSpecification","valueRequired":true,"valueName":"search_term_string"}}],"inLanguage":"pt-BR"},{"@type":"Person","@id":"https:\/\/portalic.com.br\/blog\/#\/schema\/person\/88878b6768304305a5adef97ac59278c","name":"admin","image":{"@type":"ImageObject","inLanguage":"pt-BR","@id":"https:\/\/secure.gravatar.com\/avatar\/b47f266b485be1baeb14c84b4f5746dc986326fec1dbc800a4b49978e35b7835?s=96&d=mm&r=g","url":"https:\/\/secure.gravatar.com\/avatar\/b47f266b485be1baeb14c84b4f5746dc986326fec1dbc800a4b49978e35b7835?s=96&d=mm&r=g","contentUrl":"https:\/\/secure.gravatar.com\/avatar\/b47f266b485be1baeb14c84b4f5746dc986326fec1dbc800a4b49978e35b7835?s=96&d=mm&r=g","caption":"admin"},"url":"https:\/\/portalic.com.br\/blog\/author\/admin\/"}]}},"_links":{"self":[{"href":"https:\/\/portalic.com.br\/blog\/wp-json\/wp\/v2\/posts\/878","targetHints":{"allow":["GET"]}}],"collection":[{"href":"https:\/\/portalic.com.br\/blog\/wp-json\/wp\/v2\/posts"}],"about":[{"href":"https:\/\/portalic.com.br\/blog\/wp-json\/wp\/v2\/types\/post"}],"author":[{"embeddable":true,"href":"https:\/\/portalic.com.br\/blog\/wp-json\/wp\/v2\/users\/1"}],"replies":[{"embeddable":true,"href":"https:\/\/portalic.com.br\/blog\/wp-json\/wp\/v2\/comments?post=878"}],"version-history":[{"count":2,"href":"https:\/\/portalic.com.br\/blog\/wp-json\/wp\/v2\/posts\/878\/revisions"}],"predecessor-version":[{"id":1194,"href":"https:\/\/portalic.com.br\/blog\/wp-json\/wp\/v2\/posts\/878\/revisions\/1194"}],"wp:featuredmedia":[{"embeddable":true,"href":"https:\/\/portalic.com.br\/blog\/wp-json\/wp\/v2\/media\/882"}],"wp:attachment":[{"href":"https:\/\/portalic.com.br\/blog\/wp-json\/wp\/v2\/media?parent=878"}],"wp:term":[{"taxonomy":"category","embeddable":true,"href":"https:\/\/portalic.com.br\/blog\/wp-json\/wp\/v2\/categories?post=878"},{"taxonomy":"post_tag","embeddable":true,"href":"https:\/\/portalic.com.br\/blog\/wp-json\/wp\/v2\/tags?post=878"}],"curies":[{"name":"wp","href":"https:\/\/api.w.org\/{rel}","templated":true}]}}